{"id":1,"date":"2022-08-28T10:26:51","date_gmt":"2022-08-28T08:26:51","guid":{"rendered":"https:\/\/blog.lansco.de\/wordpress\/?p=1"},"modified":"2026-03-21T17:33:02","modified_gmt":"2026-03-21T16:33:02","slug":"hallo-welt","status":"publish","type":"post","link":"https:\/\/www.lansco.de\/blog\/2022\/08\/28\/hallo-welt\/","title":{"rendered":"&#8222;H\u00e4? Ich brauche ein M365 Governance &amp; Security Konzept?!&#8220;"},"content":{"rendered":"\n<h5 class=\"wp-block-heading\">Wir zeigen Dir warum!<\/h5>\n\n\n\n<p>Am 17. August haben wir uns intensiv mit diesem Themengebiet in unserem Webinar auseinandergesetzt. Konkret haben wir uns folgenden Inhalten angenommen:<\/p>\n\n\n\n<ul class=\"wp-block-list\">\n<li>Eine \u00dcbersicht \u00fcber die einzelnen Produktbereiche Insights, Policies und Governance<\/li>\n\n\n\n<li>Die Benutzeroberfl\u00e4che mit Optionen<\/li>\n\n\n\n<li>Ein konkretes Szenario aus dem Governance-Bereich<\/li>\n\n\n\n<li>Verwaltung \/ Regulierung von MS Teams \/ Gruppen<\/li>\n<\/ul>\n\n\n\n<p>Ihr konntet an dem Online Seminar nicht teilnehmen, hattet technische Schwierigkeiten oder musstet vorzeitig abbrechen? Kein Problem, wir stellen euch die Ressourcen hier in der Linksammlung gerne zur Verf\u00fcgung.<\/p>\n\n\n\n<h2 class=\"wp-block-heading has-dark-gray-color has-text-color\">Q &amp; A<\/h2>\n\n\n\n<p><strong>Wie wird AvePoint lizenziert?<\/strong><\/p>\n\n\n\n<p>Grunds\u00e4tzlich werden alle AvePoint-Produkte nach Benutzern lizenziert. Dabei ist es von Produkt zu Produkt abh\u00e4ngig, welche tats\u00e4chlich lizenzierten Benutzer im M365 Tenant gez\u00e4hlt werden. Je nach Laufzeit und Anzahl an Benutzern variiert dann der entsprechende Preis.<\/p>\n\n\n\n<p><strong>K\u00f6nnen bestehende Teams zu AvePoint Govnernance hinzugef\u00fcgt werden?<\/strong><\/p>\n\n\n\n<p>Ja, dass ist problemlos m\u00f6glich. Bestehende Teams und M365 Groups k\u00f6nnen dem Group Lifecycle hinzugef\u00fcgt werden.<\/p>\n\n\n\n<p><strong>Welche Konventionen f\u00fcr M365 Groups \/ Teams sind sinnvoll?<\/strong><\/p>\n\n\n\n<p>Es kommt ganz auf ihr Business an. Grunds\u00e4tzlich bew\u00e4hrt haben sich aber Unterteilungen in Interne Projekte (int), Projektteams (prj) und die Zusammenarbeit mit Externen (ext).<\/p>\n\n\n\n<p><strong>Kann ich in AvePoint Governance \/ Policies &amp; Insights alle OneDrive Shares anzeigen lassen?<\/strong><\/p>\n\n\n\n<p>Ja, dass ist m\u00f6glich.<\/p>\n\n\n\n<p><strong>Kann ich in AvePoint Governance \/ Policies &amp; Insights alle G\u00e4ste und Admins anzeigen lassen?<\/strong><\/p>\n\n\n\n<p>Ja, dass ist m\u00f6glich. Es kann auch jederzeit ein entsprechendes Regelwerk zur Vorgehensweise mit den Accounts definiert werden z.B. nach wie viel Zeit sie deaktiviert werden.<\/p>\n\n\n\n<div class=\"wp-block-buttons is-horizontal is-layout-flex wp-block-buttons-is-layout-flex\">\n<div class=\"wp-block-button is-style-fill\"><a class=\"wp-block-button__link wp-element-button\" href=\"\" target=\"_blank\" rel=\"noreferrer noopener\">Aufzeichnung Webinar<\/a><\/div>\n\n\n\n<div class=\"wp-block-button is-style-outline is-style-outline--1\"><a class=\"wp-block-button__link wp-element-button\" href=\"\" target=\"_blank\" rel=\"noreferrer noopener\">Download Pr\u00e4sentation<\/a><\/div>\n<\/div>\n\n\n\n<hr class=\"wp-block-separator has-alpha-channel-opacity is-style-default\"\/>\n\n\n\n<ul class=\"wp-block-social-links is-layout-flex wp-block-social-links-is-layout-flex\">\n\n\n\n\n\n<\/ul>\n","protected":false},"excerpt":{"rendered":"<p>Wir zeigen Dir warum!<\/p>\n<p>Am 17. August haben wir uns intensiv mit diesem Themengebiet in unserem Webinar auseinandergesetzt. Konkret haben wir uns folgenden Inhalten angenommen&#8230;<\/p>\n","protected":false},"author":4,"featured_media":9,"comment_status":"closed","ping_status":"open","sticky":false,"template":"","format":"standard","meta":{"footnotes":""},"categories":[4],"tags":[23,19],"class_list":["post-1","post","type-post","status-publish","format-standard","has-post-thumbnail","hentry","category-microsoft-365","tag-avepoint","tag-governance"],"_links":{"self":[{"href":"https:\/\/www.lansco.de\/blog\/wp-json\/wp\/v2\/posts\/1","targetHints":{"allow":["GET"]}}],"collection":[{"href":"https:\/\/www.lansco.de\/blog\/wp-json\/wp\/v2\/posts"}],"about":[{"href":"https:\/\/www.lansco.de\/blog\/wp-json\/wp\/v2\/types\/post"}],"author":[{"embeddable":true,"href":"https:\/\/www.lansco.de\/blog\/wp-json\/wp\/v2\/users\/4"}],"replies":[{"embeddable":true,"href":"https:\/\/www.lansco.de\/blog\/wp-json\/wp\/v2\/comments?post=1"}],"version-history":[{"count":13,"href":"https:\/\/www.lansco.de\/blog\/wp-json\/wp\/v2\/posts\/1\/revisions"}],"predecessor-version":[{"id":595,"href":"https:\/\/www.lansco.de\/blog\/wp-json\/wp\/v2\/posts\/1\/revisions\/595"}],"wp:featuredmedia":[{"embeddable":true,"href":"https:\/\/www.lansco.de\/blog\/wp-json\/wp\/v2\/media\/9"}],"wp:attachment":[{"href":"https:\/\/www.lansco.de\/blog\/wp-json\/wp\/v2\/media?parent=1"}],"wp:term":[{"taxonomy":"category","embeddable":true,"href":"https:\/\/www.lansco.de\/blog\/wp-json\/wp\/v2\/categories?post=1"},{"taxonomy":"post_tag","embeddable":true,"href":"https:\/\/www.lansco.de\/blog\/wp-json\/wp\/v2\/tags?post=1"}],"curies":[{"name":"wp","href":"https:\/\/api.w.org\/{rel}","templated":true}]}}